{"id":81038,"date":"2023-03-29T04:00:34","date_gmt":"2023-03-29T08:00:34","guid":{"rendered":"https:\/\/quotulatiousness.ca\/blog\/?p=81038"},"modified":"2023-03-28T12:25:39","modified_gmt":"2023-03-28T16:25:39","slug":"will-finland-leave-the-war-ww2-special","status":"publish","type":"post","link":"https:\/\/quotulatiousness.ca\/blog\/2023\/03\/29\/will-finland-leave-the-war-ww2-special\/","title":{"rendered":"Will Finland Leave the War? &#8211; WW2 Special"},"content":{"rendered":"<p align=\"center\"><iframe loading=\"lazy\" width=\"854\" height=\"480\" src=\"https:\/\/www.youtube.com\/embed\/-lBG1GLT8uc\" title=\"YouTube video player\" frameborder=\"0\" allow=\"accelerometer; autoplay; clipboard-write; encrypted-media; gyroscope; picture-in-picture; web-share\" allowfullscreen><\/iframe><\/p>\n<blockquote><p><strong>World War Two<\/strong><br \/>\nPublished 28 Mar 2023<\/p>\n<p>The Finns have been fighting the Soviet Union since the Winter War. But now, Marshal Mannerheim and Prime Minister Risto Ryti look like they might pull out of the Eastern Front commitments they agreed upon with their Axis allies. German-Finnish relations seem to be at breaking point, and Red Army troops are threatening the borders. How long will Finland stay in this war?<br \/>\n<!--more--><\/p>\n<p>Join us on Patreon: <a href=\"https:\/\/www.patreon.com\/TimeGhostHistory\" rel=\"noopener\" target=\"_blank\">https:\/\/www.patreon.com\/TimeGhostHistory<\/a><br \/>\nOr join The TimeGhost Army directly at: <a href=\"https:\/\/timeghost.tv\/signup\/\" rel=\"noopener\" target=\"_blank\">https:\/\/timeghost.tv<\/a> <\/p>\n<p>Get Collectibles here: <a href=\"https:\/\/timeghost.tv\/collectibles\/\u200b\" rel=\"noopener\" target=\"_blank\">https:\/\/timeghost.tv\/collectibles\/\u200b<\/a> <\/p>\n<p>Follow WW2 day by day on Instagram @ww2_day_by_day &#8211; <a href=\"https:\/\/www.instagram.com\/ww2_day_by_day\" rel=\"noopener\" target=\"_blank\">https:\/\/www.instagram.com\/ww2_day_by_day<\/a><br \/>\nFollow Indy on Instagram: https:\/\/www.instagram.com\/indy_neidell\/<br \/>\nFollow Sparty on Instagram: https:\/\/www.instagram.com\/spartacusolsson\/?hl=en<br \/>\nFollow Timeghost History on Instagram &#8211; <a href=\"https:\/\/www.instagram.com\/timeghosthistory\" rel=\"noopener\" target=\"_blank\">https:\/\/www.instagram.com\/timeghosthistory<\/a><br \/>\nJoin us on Reddit &#8211; <a href=\"https:\/\/www.reddit.com\/r\/WorldWarTwoChannel\/\" rel=\"noopener\" target=\"_blank\">https:\/\/www.reddit.com\/r\/WorldWarTwoChannel\/<\/a><br \/>\nBetween 2 Wars: <a href=\"https:\/\/www.youtube.com\/playlist?list=PLrG5J-K5AYAU1R-HeWSfY2D1jy_sEssNG\" rel=\"noopener\" target=\"_blank\">https:\/\/www.youtube.com\/playlist?list&#8230;<\/a><\/p>\n<p>Source list: <a href=\"http:\/\/bit.ly\/WW2sources\" rel=\"noopener\" target=\"_blank\">http:\/\/bit.ly\/WW2sources<\/a>  <\/p>\n<p>Archive footage: Screenocean\/Reuters &#8211; <a href=\"https:\/\/www.screenocean.com\" rel=\"noopener\" target=\"_blank\">https:\/\/www.screenocean.com<\/a><\/p>\n<p>Hosted by: Indy Neidell<br \/>\nDirector: Astrid Deinhard<br \/>\nProducers: Astrid Deinhard and Spartacus Olsson<br \/>\nExecutive Producers: Astrid Deinhard, Indy Neidell, Spartacus Olsson<br \/>\nCreative Producer: Marek Kami\u0144ski<br \/>\nCommunity Management: Ian Sowden<br \/>\nWritten by: Indy Neidell<br \/>\nResearch by: Indy Neidell<br \/>\nMap animations by: Daniel Weiss<br \/>\nMap research by: Sietse Kenter<br \/>\nEdited by: Simon J. James<br \/>\nArtwork and color grading by: Miko\u0142aj Uchman<br \/>\nSound design by: Marek Kami\u0144ski<br \/>\nColorizations by:<br \/>\nJulius J\u00e4\u00e4skel\u00e4inin<br \/>\nCarlos <a href=\"https:\/\/www.instagram.com\/blaucolorization\" rel=\"noopener\" target=\"_blank\">https:\/\/www.instagram.com\/blaucolorization<\/a><br \/>\nMiko\u0142aj Uchman<\/p>\n<p>Soundtracks from Epidemic Sound:<br \/>\n&#8220;Death And Glory 3&#8221; &#8211; Johannes Bornl\u00f6f<br \/>\n&#8220;Document This 1&#8221; &#8211; Peter Sandberg<br \/>\n&#8220;Easy Target&#8221; &#8211; Rannar Sillard<br \/>\n&#8220;Other Sides of Glory&#8221; &#8211; Fabien Tell<br \/>\n&#8220;Please Hear Me Out&#8221; &#8211; Philip Ayers<\/p>\n<p>A TimeGhost chronological documentary produced by OnLion Entertainment GmbH.<\/p><\/blockquote>\n<p><a href=\"https:\/\/quotulatiousness.ca\/blog\/wp-content\/uploads\/2023\/03\/Screenshot-2023-03-29-at-12-12-17-Will-Finland-Leave-the-War-\u2013-WW2-Special-Quotulatiousness.png\"><img loading=\"lazy\" decoding=\"async\" src=\"https:\/\/quotulatiousness.ca\/blog\/wp-content\/uploads\/2023\/03\/Screenshot-2023-03-29-at-12-12-17-Will-Finland-Leave-the-War-\u2013-WW2-Special-Quotulatiousness-480x270.png\" alt=\"\" width=\"480\" height=\"270\" class=\"aligncenter size-medium wp-image-81040\" srcset=\"https:\/\/quotulatiousness.ca\/blog\/wp-content\/uploads\/2023\/03\/Screenshot-2023-03-29-at-12-12-17-Will-Finland-Leave-the-War-\u2013-WW2-Special-Quotulatiousness-480x270.png 480w, https:\/\/quotulatiousness.ca\/blog\/wp-content\/uploads\/2023\/03\/Screenshot-2023-03-29-at-12-12-17-Will-Finland-Leave-the-War-\u2013-WW2-Special-Quotulatiousness-150x84.png 150w, https:\/\/quotulatiousness.ca\/blog\/wp-content\/uploads\/2023\/03\/Screenshot-2023-03-29-at-12-12-17-Will-Finland-Leave-the-War-\u2013-WW2-Special-Quotulatiousness-768x432.png 768w, https:\/\/quotulatiousness.ca\/blog\/wp-content\/uploads\/2023\/03\/Screenshot-2023-03-29-at-12-12-17-Will-Finland-Leave-the-War-\u2013-WW2-Special-Quotulatiousness.png 854w\" sizes=\"auto, (max-width: 480px) 100vw, 480px\" \/><\/a><\/p>\n","protected":false},"excerpt":{"rendered":"<p>World War Two Published 28 Mar 2023 The Finns have been fighting the Soviet Union since the Winter War. But now, Marshal Mannerheim and Prime Minister Risto Ryti look like they might pull out of the Eastern Front commitments they agreed upon with their Axis allies. German-Finnish relations seem to be at breaking point, and [&hellip;]<\/p>\n","protected":false},"author":1,"featured_media":35193,"comment_status":"open","ping_status":"open","sticky":false,"template":"","format":"standard","meta":{"jetpack_post_was_ever_published":false,"_jetpack_newsletter_access":"","_jetpack_dont_email_post_to_subs":false,"_jetpack_newsletter_tier_id":0,"_jetpack_memberships_contains_paywalled_content":false,"_jetpack_memberships_contains_paid_content":false,"footnotes":""},"categories":[62,1118,7,5,1119,230],"tags":[1367,432,603,969,1396,433,1227],"class_list":["post-81038","post","type-post","status-publish","format-standard","hentry","category-europe","category-germany","category-history","category-military","category-russia","category-ww2","tag-continuationwar","tag-diplomacy","tag-finland","tag-hitler","tag-leningrad","tag-sovietunion","tag-timeghost"],"jetpack_featured_media_url":"https:\/\/quotulatiousness.ca\/blog\/wp-content\/uploads\/2016\/06\/favicon.png","jetpack_shortlink":"https:\/\/wp.me\/p2hpV6-l54","jetpack_sharing_enabled":true,"_links":{"self":[{"href":"https:\/\/quotulatiousness.ca\/blog\/wp-json\/wp\/v2\/posts\/81038","targetHints":{"allow":["GET"]}}],"collection":[{"href":"https:\/\/quotulatiousness.ca\/blog\/wp-json\/wp\/v2\/posts"}],"about":[{"href":"https:\/\/quotulatiousness.ca\/blog\/wp-json\/wp\/v2\/types\/post"}],"author":[{"embeddable":true,"href":"https:\/\/quotulatiousness.ca\/blog\/wp-json\/wp\/v2\/users\/1"}],"replies":[{"embeddable":true,"href":"https:\/\/quotulatiousness.ca\/blog\/wp-json\/wp\/v2\/comments?post=81038"}],"version-history":[{"count":2,"href":"https:\/\/quotulatiousness.ca\/blog\/wp-json\/wp\/v2\/posts\/81038\/revisions"}],"predecessor-version":[{"id":81041,"href":"https:\/\/quotulatiousness.ca\/blog\/wp-json\/wp\/v2\/posts\/81038\/revisions\/81041"}],"wp:featuredmedia":[{"embeddable":true,"href":"https:\/\/quotulatiousness.ca\/blog\/wp-json\/wp\/v2\/media\/35193"}],"wp:attachment":[{"href":"https:\/\/quotulatiousness.ca\/blog\/wp-json\/wp\/v2\/media?parent=81038"}],"wp:term":[{"taxonomy":"category","embeddable":true,"href":"https:\/\/quotulatiousness.ca\/blog\/wp-json\/wp\/v2\/categories?post=81038"},{"taxonomy":"post_tag","embeddable":true,"href":"https:\/\/quotulatiousness.ca\/blog\/wp-json\/wp\/v2\/tags?post=81038"}],"curies":[{"name":"wp","href":"https:\/\/api.w.org\/{rel}","templated":true}]}}