{"id":77980,"date":"2022-11-16T04:00:14","date_gmt":"2022-11-16T09:00:14","guid":{"rendered":"https:\/\/quotulatiousness.ca\/blog\/?p=77980"},"modified":"2022-11-15T12:05:58","modified_gmt":"2022-11-15T17:05:58","slug":"the-real-reason-for-hitlers-war-ww2-specials","status":"publish","type":"post","link":"https:\/\/quotulatiousness.ca\/blog\/2022\/11\/16\/the-real-reason-for-hitlers-war-ww2-specials\/","title":{"rendered":"The Real Reason for Hitler&#8217;s War &#8211; WW2 Specials"},"content":{"rendered":"<p align=\"center\"><iframe loading=\"lazy\" width=\"854\" height=\"480\" src=\"https:\/\/www.youtube.com\/embed\/cYbZpkQDPlQ\" title=\"YouTube video player\" frameborder=\"0\" allow=\"accelerometer; autoplay; clipboard-write; encrypted-media; gyroscope; picture-in-picture\" allowfullscreen><\/iframe><\/p>\n<blockquote><p><strong>World War Two<\/strong><br \/>\nPublished 15 Nov 2022<\/p>\n<p>The murder of the Jews of Europe is not simply conducted alongside the military and political war aims of the Third Reich. For Hitler and the Nazis, the murder of the Jews of Europe is the military-political aim of the war. It confounds all logic, but in the twisted worldview of Nazi ideology, it makes perfect sense. This is a war on the Jewry.<br \/>\n<!--more--><\/p>\n<p>Join us on Patreon: <a href=\"https:\/\/www.patreon.com\/TimeGhostHistory\" rel=\"noopener\" target=\"_blank\">https:\/\/www.patreon.com\/TimeGhostHistory<\/a><br \/>\nOr join The TimeGhost Army directly at: <a href=\"https:\/\/timeghost.tv\/signup\/\" rel=\"noopener\" target=\"_blank\">https:\/\/timeghost.tv<\/a> <\/p>\n<p>Get Collectibles here: <a href=\"https:\/\/timeghost.tv\/collectibles\/\u200b\" rel=\"noopener\" target=\"_blank\">https:\/\/timeghost.tv\/collectibles\/\u200b<\/a><\/p>\n<p>Follow WW2 day by day on Instagram @ww2_day_by_day &#8211; <a href=\"https:\/\/www.instagram.com\/ww2_day_by_day\" rel=\"noopener\" target=\"_blank\">https:\/\/www.instagram.com\/ww2_day_by_day<\/a><br \/>\nFollow Indy on Instagram: https:\/\/www.instagram.com\/indy_neidell\/<br \/>\nFollow Sparty on Instagram: https:\/\/www.instagram.com\/spartacusolsson\/?hl=en<br \/>\nFollow Timeghost History on Instagram &#8211; <a href=\"https:\/\/www.instagram.com\/timeghosthistory\" rel=\"noopener\" target=\"_blank\">https:\/\/www.instagram.com\/timeghosthistory<\/a><br \/>\nJoin us on Reddit &#8211; <a href=\"https:\/\/www.reddit.com\/r\/WorldWarTwoChannel\/\" rel=\"noopener\" target=\"_blank\">https:\/\/www.reddit.com\/r\/WorldWarTwoChannel\/<\/a><br \/>\nBetween 2 Wars: <a href=\"https:\/\/www.youtube.com\/playlist?list=PLrG5J-K5AYAU1R-HeWSfY2D1jy_sEssNG\" rel=\"noopener\" target=\"_blank\">https:\/\/www.youtube.com\/playlist?list&#8230;<\/a><\/p>\n<p>Source list: <a href=\"http:\/\/bit.ly\/WW2sources\" rel=\"noopener\" target=\"_blank\">http:\/\/bit.ly\/WW2sources<\/a><\/p>\n<p>Archive footage: Screenocean\/Reuters &#8211; <a href=\"https:\/\/www.screenocean.com\" rel=\"noopener\" target=\"_blank\">https:\/\/www.screenocean.com<\/a><\/p>\n<p>Hosted by: Spartacus Olsson<br \/>\nDirector: Astrid Deinhard<br \/>\nProducers: Astrid Deinhard and Spartacus Olsson<br \/>\nExecutive Producers: Astrid Deinhard, Indy Neidell, Spartacus Olsson<br \/>\nCreative Producer: Marek Kami\u0144ski<br \/>\nCommunity Management: Ian Sowden<br \/>\nWritten by: James Newman and Spartacus Olsson<br \/>\nResearch by: James Newman<br \/>\nMap animations by: Daniel Weiss<br \/>\nMap research by: Sietse Kenter<br \/>\nEdited by: Iryna Dulka<br \/>\nArtwork and color grading by: Miko\u0142aj Uchman<br \/>\nSound design by: Marek Kami\u0144ski<br \/>\nColorizations by:<br \/>\nMiko\u0142aj Uchman<br \/>\nNorman Stewart &#8211; <a href=\"https:\/\/oldtimesincolor.blogspot.com\/\" rel=\"noopener\" target=\"_blank\">https:\/\/oldtimesincolor.blogspot.com\/<\/a><br \/>\nJaris Almazani (Artistic Man)<br \/>\nJulius J\u00e4\u00e4skel\u00e4inen<\/p>\n<p>Image sources:<br \/>\nYad Vashem 1605_1431, 48ao4<\/p>\n<p>Soundtracks from Epidemic Sound:<br \/>\n&#8220;Leave It All Here&#8221; &#8211; Fabien Tell<br \/>\n&#8220;Growing Doubt&#8221; &#8211; Wendel Scherer<br \/>\n&#8220;Easy Target&#8221; &#8211; Rannar Sillard<br \/>\n&#8220;Growing Doubt&#8221; &#8211; Wendel Scherer<br \/>\n&#8220;Last Point of Safe Return&#8221; &#8211; Fabien Tell<br \/>\n&#8220;Endlessness&#8221; &#8211; Flouw<br \/>\n&#8220;One Way North&#8221; &#8211; Jon Sumner<br \/>\n&#8220;Duels&#8221; &#8211; Farrell Wooten<br \/>\n&#8220;Reunion&#8221; &#8211; Wendel Scherer<\/p>\n<p>A TimeGhost chronological documentary produced by OnLion Entertainment GmbH.<\/p><\/blockquote>\n<p><a href=\"https:\/\/quotulatiousness.ca\/blog\/wp-content\/uploads\/2022\/11\/Screenshot-2022-11-16-at-11-47-26-The-Real-Reason-for-Hitlers-War-\u2013-WW2-Specials-Quotulatiousness.png\"><img loading=\"lazy\" decoding=\"async\" src=\"https:\/\/quotulatiousness.ca\/blog\/wp-content\/uploads\/2022\/11\/Screenshot-2022-11-16-at-11-47-26-The-Real-Reason-for-Hitlers-War-\u2013-WW2-Specials-Quotulatiousness-480x270.png\" alt=\"\" width=\"480\" height=\"270\" class=\"aligncenter size-medium wp-image-77982\" srcset=\"https:\/\/quotulatiousness.ca\/blog\/wp-content\/uploads\/2022\/11\/Screenshot-2022-11-16-at-11-47-26-The-Real-Reason-for-Hitlers-War-\u2013-WW2-Specials-Quotulatiousness-480x270.png 480w, https:\/\/quotulatiousness.ca\/blog\/wp-content\/uploads\/2022\/11\/Screenshot-2022-11-16-at-11-47-26-The-Real-Reason-for-Hitlers-War-\u2013-WW2-Specials-Quotulatiousness-150x84.png 150w, https:\/\/quotulatiousness.ca\/blog\/wp-content\/uploads\/2022\/11\/Screenshot-2022-11-16-at-11-47-26-The-Real-Reason-for-Hitlers-War-\u2013-WW2-Specials-Quotulatiousness-768x432.png 768w, https:\/\/quotulatiousness.ca\/blog\/wp-content\/uploads\/2022\/11\/Screenshot-2022-11-16-at-11-47-26-The-Real-Reason-for-Hitlers-War-\u2013-WW2-Specials-Quotulatiousness.png 854w\" sizes=\"auto, (max-width: 480px) 100vw, 480px\" \/><\/a><\/p>\n","protected":false},"excerpt":{"rendered":"<p>World War Two Published 15 Nov 2022 The murder of the Jews of Europe is not simply conducted alongside the military and political war aims of the Third Reich. For Hitler and the Nazis, the murder of the Jews of Europe is the military-political aim of the war. It confounds all logic, but in the [&hellip;]<\/p>\n","protected":false},"author":1,"featured_media":35193,"comment_status":"open","ping_status":"open","sticky":false,"template":"","format":"standard","meta":{"jetpack_post_was_ever_published":false,"_jetpack_newsletter_access":"","_jetpack_dont_email_post_to_subs":false,"_jetpack_newsletter_tier_id":0,"_jetpack_memberships_contains_paywalled_content":false,"_jetpack_memberships_contains_paid_content":false,"footnotes":""},"categories":[62,1118,7,5,1119,230],"tags":[304,969,1041,228,433,1227],"class_list":["post-77980","post","type-post","status-publish","format-standard","hentry","category-europe","category-germany","category-history","category-military","category-russia","category-ww2","tag-antisemitism","tag-hitler","tag-holocaust","tag-poland","tag-sovietunion","tag-timeghost"],"jetpack_featured_media_url":"https:\/\/quotulatiousness.ca\/blog\/wp-content\/uploads\/2016\/06\/favicon.png","jetpack_shortlink":"https:\/\/wp.me\/p2hpV6-khK","jetpack_sharing_enabled":true,"_links":{"self":[{"href":"https:\/\/quotulatiousness.ca\/blog\/wp-json\/wp\/v2\/posts\/77980","targetHints":{"allow":["GET"]}}],"collection":[{"href":"https:\/\/quotulatiousness.ca\/blog\/wp-json\/wp\/v2\/posts"}],"about":[{"href":"https:\/\/quotulatiousness.ca\/blog\/wp-json\/wp\/v2\/types\/post"}],"author":[{"embeddable":true,"href":"https:\/\/quotulatiousness.ca\/blog\/wp-json\/wp\/v2\/users\/1"}],"replies":[{"embeddable":true,"href":"https:\/\/quotulatiousness.ca\/blog\/wp-json\/wp\/v2\/comments?post=77980"}],"version-history":[{"count":2,"href":"https:\/\/quotulatiousness.ca\/blog\/wp-json\/wp\/v2\/posts\/77980\/revisions"}],"predecessor-version":[{"id":77983,"href":"https:\/\/quotulatiousness.ca\/blog\/wp-json\/wp\/v2\/posts\/77980\/revisions\/77983"}],"wp:featuredmedia":[{"embeddable":true,"href":"https:\/\/quotulatiousness.ca\/blog\/wp-json\/wp\/v2\/media\/35193"}],"wp:attachment":[{"href":"https:\/\/quotulatiousness.ca\/blog\/wp-json\/wp\/v2\/media?parent=77980"}],"wp:term":[{"taxonomy":"category","embeddable":true,"href":"https:\/\/quotulatiousness.ca\/blog\/wp-json\/wp\/v2\/categories?post=77980"},{"taxonomy":"post_tag","embeddable":true,"href":"https:\/\/quotulatiousness.ca\/blog\/wp-json\/wp\/v2\/tags?post=77980"}],"curies":[{"name":"wp","href":"https:\/\/api.w.org\/{rel}","templated":true}]}}