{"id":55834,"date":"2020-03-26T04:00:07","date_gmt":"2020-03-26T08:00:07","guid":{"rendered":"https:\/\/quotulatiousness.ca\/blog\/?p=55834"},"modified":"2020-03-25T16:34:20","modified_gmt":"2020-03-25T20:34:20","slug":"the-deadly-dry-run-for-ww2-the-spanish-civil-war-between-2-wars-i-1939-part-1-of-3","status":"publish","type":"post","link":"https:\/\/quotulatiousness.ca\/blog\/2020\/03\/26\/the-deadly-dry-run-for-ww2-the-spanish-civil-war-between-2-wars-i-1939-part-1-of-3\/","title":{"rendered":"The Deadly Dry Run for WW2 &#8211; The Spanish Civil War | BETWEEN 2 WARS I 1939 Part 1 of 3"},"content":{"rendered":"<p align=\"center\"><iframe loading=\"lazy\" width=\"853\" height=\"480\" src=\"https:\/\/www.youtube.com\/embed\/3JluLmqQ0Wg\" frameborder=\"0\" allow=\"accelerometer; autoplay; encrypted-media; gyroscope; picture-in-picture\" allowfullscreen><\/iframe><\/p>\n<blockquote><p><strong>TimeGhost History<\/strong><br \/>\nPublished 25 Mar 2020<\/p>\n<p>After years of political violence and strife, a military coup in 1936 finally brings Spain into all-out civil war. Mass executions and revolutionary upheaval, as the eyes of the world focus on the Iberian Peninsula.<\/p>\n<p>Join us on Patreon: <a href=\"https:\/\/www.patreon.com\/TimeGhostHistory\" rel=\"noopener noreferrer\" target=\"_blank\">https:\/\/www.patreon.com\/TimeGhostHistory<\/a><\/p>\n<p>Watch part one of the Spanish Civil War (1936) here: <a href=\"https:\/\/youtu.be\/ncUkPavahCU\" rel=\"noopener noreferrer\" target=\"_blank\">https:\/\/youtu.be\/ncUkPavahCU<\/a><\/p>\n<p>Hosted by: Indy Neidell<br \/>\nWritten by: Francis van Berkel<br \/>\nDirected by: Spartacus Olsson and Astrid Deinhard<br \/>\nExecutive Producers: Bodo Rittenauer, Astrid Deinhard, Indy Neidell, Spartacus Olsson<br \/>\nCreative Producer: Joram Appel<br \/>\nPost-Production Director: Wieke Kapteijns<br \/>\nResearch by: Francis van Berkel<br \/>\nEdited by: Daniel Weiss<br \/>\nSound design: Marek Kami\u0144ski<\/p>\n<p>Sources:<br \/>\n(Kutxa Photograph Library) &#8211; Brigadas de Navarra Photos,<br \/>\nEBNZ; HansenBCN &#8211; Emblem of Spanish Legion,<br \/>\nFoto Kutxateka &#8211; Eibar in Ruins,<br \/>\nHerbert Behrens \/ Anefo &#8211; Guernica Painting,<br \/>\nDorieo &#8211; Battle of Brunete,<\/p>\n<p>From the Noun Project:<br \/>\nnoun_Death by Icon Island,<br \/>\nnoun_soldier by Wonmo Kang,<br \/>\nnoun_Arm Sling by Sergey Demushkin,<br \/>\nnoun_Government by Adrien Coquet,<\/p>\n<p>Photos from Color by Klimbim<\/p>\n<p>Colorizations by:<br \/>\n&#8211; Daniel Weiss<br \/>\n&#8211; Julius J\u00e4\u00e4skel\u00e4inen<br \/>\n&#8211; Adrien Fillon &#8211; <a href=\"https:\/\/www.youtube.com\/redirect?redir_token=gA7JqQKpE21zxa6cCmt2QwU_vCJ8MTU4NTI1MzAyMUAxNTg1MTY2NjIx&#038;q=https%3A%2F%2Fwww.instagram.com%2Fadrien.colorisation%2F&#038;v=3JluLmqQ0Wg&#038;event=video_description\" rel=\"noopener noreferrer\" target=\"_blank\">https:\/\/www.instagram.com\/adrien.colo&#8230;<\/a><br \/>\n&#8211; Dememorabilia &#8211; <a href=\"https:\/\/www.instagram.com\/dememorabilia\/\" rel=\"noopener noreferrer\" target=\"_blank\">https:\/\/www.instagram.com\/dememorabilia\/<\/a><\/p>\n<p>Soundtracks from Epidemic Sound:<br \/>\n&#8211; &#8220;Not Safe Yet&#8221; &#8211; Gunnar Johnsen<br \/>\n&#8211; &#8220;The Inspector 4&#8221; &#8211; Johannes Bornl\u00f6f<br \/>\n&#8211; &#8220;Watchman&#8221; &#8211; Yi Nantiro<br \/>\n&#8211; &#8220;Split Decision&#8221; &#8211; Rannar Sillard<br \/>\n&#8211; &#8220;Guilty Shadows 4&#8221; &#8211; Andreas Jamsheree<br \/>\n&#8211; &#8220;Disciples of Sun Tzu&#8221; &#8211; Christian Andersen<br \/>\n&#8211; &#8220;Last Point of Safe Return&#8221; &#8211; Fabien Tell<br \/>\n&#8211; &#8220;First Responders&#8221; &#8211; Skrya<br \/>\n&#8211; &#8220;One More Thought&#8221; &#8211; Johan Hynynen<br \/>\n&#8211; &#8220;Dark Beginning&#8221; &#8211; Johan Hynynen<br \/>\n&#8211; &#8220;Easy Target&#8221; &#8211; Rannar Sillard<br \/>\n&#8211; &#8220;The Charleston 3&#8221; &#8211; H\u00e5kan Eriksson<\/p>\n<p>A TimeGhost chronological documentary produced by OnLion Entertainment GmbH.<\/p><\/blockquote>\n<p>From the comments:<\/p>\n<blockquote><p><strong>TimeGhost History<\/strong><br \/>\n1 hour ago<br \/>\nJust in terms of the complexity of things, researching and writing this episode has been my biggest challenge so far. So much happens and at such a fast pace that it&#8217;s difficult to understand everything as it is, let alone get it into a chronological video that actually makes sense! The amount of actors both nationally and internationally gives you a feeling that you are writing about a continental, or even global, war rather than one in a relatively small country. It is this way for several reasons, a lot of which you&#8217;ll know if you watched our last episode on the Second Spanish Republic. But we&#8217;d be interested to see what you guys think about the Spanish Civil War? Why was it so complicated? Why does it hold so much significance beyond Spain&#8217;s borders? Why did it get so violent so quickly? Let us know what you think, we want to hear your opinions.<\/p>\n<p>Cheers, Francis.<\/p><\/blockquote>\n<p><a href=\"https:\/\/quotulatiousness.ca\/blog\/wp-content\/uploads\/2020\/03\/Screenshot_2020-03-26-The-Deadly-Dry-Run-for-WW2-\u2013-The-Spanish-Civil-War-BETWEEN-2-WARS-I-1939-Part-1-of-3.png\"><img loading=\"lazy\" decoding=\"async\" src=\"https:\/\/quotulatiousness.ca\/blog\/wp-content\/uploads\/2020\/03\/Screenshot_2020-03-26-The-Deadly-Dry-Run-for-WW2-\u2013-The-Spanish-Civil-War-BETWEEN-2-WARS-I-1939-Part-1-of-3-480x270.png\" alt=\"\" width=\"480\" height=\"270\" class=\"aligncenter size-medium wp-image-55836\" srcset=\"https:\/\/quotulatiousness.ca\/blog\/wp-content\/uploads\/2020\/03\/Screenshot_2020-03-26-The-Deadly-Dry-Run-for-WW2-\u2013-The-Spanish-Civil-War-BETWEEN-2-WARS-I-1939-Part-1-of-3-480x270.png 480w, https:\/\/quotulatiousness.ca\/blog\/wp-content\/uploads\/2020\/03\/Screenshot_2020-03-26-The-Deadly-Dry-Run-for-WW2-\u2013-The-Spanish-Civil-War-BETWEEN-2-WARS-I-1939-Part-1-of-3-853x480.png 853w, https:\/\/quotulatiousness.ca\/blog\/wp-content\/uploads\/2020\/03\/Screenshot_2020-03-26-The-Deadly-Dry-Run-for-WW2-\u2013-The-Spanish-Civil-War-BETWEEN-2-WARS-I-1939-Part-1-of-3-150x84.png 150w, https:\/\/quotulatiousness.ca\/blog\/wp-content\/uploads\/2020\/03\/Screenshot_2020-03-26-The-Deadly-Dry-Run-for-WW2-\u2013-The-Spanish-Civil-War-BETWEEN-2-WARS-I-1939-Part-1-of-3-768x432.png 768w, https:\/\/quotulatiousness.ca\/blog\/wp-content\/uploads\/2020\/03\/Screenshot_2020-03-26-The-Deadly-Dry-Run-for-WW2-\u2013-The-Spanish-Civil-War-BETWEEN-2-WARS-I-1939-Part-1-of-3.png 930w\" sizes=\"auto, (max-width: 480px) 100vw, 480px\" \/><\/a><\/p>\n","protected":false},"excerpt":{"rendered":"<p>TimeGhost History Published 25 Mar 2020 After years of political violence and strife, a military coup in 1936 finally brings Spain into all-out civil war. Mass executions and revolutionary upheaval, as the eyes of the world focus on the Iberian Peninsula. Join us on Patreon: https:\/\/www.patreon.com\/TimeGhostHistory Watch part one of the Spanish Civil War (1936) [&hellip;]<\/p>\n","protected":false},"author":1,"featured_media":35193,"comment_status":"open","ping_status":"open","sticky":false,"template":"","format":"standard","meta":{"jetpack_post_was_ever_published":false,"_jetpack_newsletter_access":"","_jetpack_dont_email_post_to_subs":false,"_jetpack_newsletter_tier_id":0,"_jetpack_memberships_contains_paywalled_content":false,"_jetpack_memberships_contains_paid_content":false,"footnotes":""},"categories":[62,1118,7,339,5,1119],"tags":[650,780,457,1283,990,433,335,1227],"class_list":["post-55834","post","type-post","status-publish","format-standard","hentry","category-europe","category-germany","category-history","category-italy","category-military","category-russia","tag-civilwar","tag-communism","tag-fascism","tag-franciscofranco","tag-morocco","tag-sovietunion","tag-spain","tag-timeghost"],"jetpack_featured_media_url":"https:\/\/quotulatiousness.ca\/blog\/wp-content\/uploads\/2016\/06\/favicon.png","jetpack_shortlink":"https:\/\/wp.me\/p2hpV6-ewy","jetpack_sharing_enabled":true,"_links":{"self":[{"href":"https:\/\/quotulatiousness.ca\/blog\/wp-json\/wp\/v2\/posts\/55834","targetHints":{"allow":["GET"]}}],"collection":[{"href":"https:\/\/quotulatiousness.ca\/blog\/wp-json\/wp\/v2\/posts"}],"about":[{"href":"https:\/\/quotulatiousness.ca\/blog\/wp-json\/wp\/v2\/types\/post"}],"author":[{"embeddable":true,"href":"https:\/\/quotulatiousness.ca\/blog\/wp-json\/wp\/v2\/users\/1"}],"replies":[{"embeddable":true,"href":"https:\/\/quotulatiousness.ca\/blog\/wp-json\/wp\/v2\/comments?post=55834"}],"version-history":[{"count":2,"href":"https:\/\/quotulatiousness.ca\/blog\/wp-json\/wp\/v2\/posts\/55834\/revisions"}],"predecessor-version":[{"id":55837,"href":"https:\/\/quotulatiousness.ca\/blog\/wp-json\/wp\/v2\/posts\/55834\/revisions\/55837"}],"wp:featuredmedia":[{"embeddable":true,"href":"https:\/\/quotulatiousness.ca\/blog\/wp-json\/wp\/v2\/media\/35193"}],"wp:attachment":[{"href":"https:\/\/quotulatiousness.ca\/blog\/wp-json\/wp\/v2\/media?parent=55834"}],"wp:term":[{"taxonomy":"category","embeddable":true,"href":"https:\/\/quotulatiousness.ca\/blog\/wp-json\/wp\/v2\/categories?post=55834"},{"taxonomy":"post_tag","embeddable":true,"href":"https:\/\/quotulatiousness.ca\/blog\/wp-json\/wp\/v2\/tags?post=55834"}],"curies":[{"name":"wp","href":"https:\/\/api.w.org\/{rel}","templated":true}]}}